{"id":9719,"date":"2026-02-27T09:15:58","date_gmt":"2026-02-27T09:15:58","guid":{"rendered":"https:\/\/myeye.ee\/uncategorized\/at-what-age-can-you-start-wearing-contact-lenses\/"},"modified":"2026-02-27T09:37:21","modified_gmt":"2026-02-27T09:37:21","slug":"at-what-age-can-you-start-wearing-contact-lenses","status":"publish","type":"post","link":"https:\/\/myeye.ee\/en\/contact-lenses\/at-what-age-can-you-start-wearing-contact-lenses\/","title":{"rendered":"At what age can you start wearing contact lenses?"},"content":{"rendered":"\t\t<div data-elementor-type=\"wp-post\" data-elementor-id=\"9719\" class=\"elementor elementor-9719 elementor-9711\" data-elementor-post-type=\"post\">\n\t\t\t\t<div class=\"elementor-element elementor-element-71ca1a40 e-flex e-con-boxed e-con e-parent\" data-id=\"71ca1a40\" data-element_type=\"container\">\r\n\t\t\t\t\t<div class=\"e-con-inner\">\r\n\t\t\t\t<div class=\"elementor-element elementor-element-61fbf008 elementor-widget elementor-widget-text-editor\" data-id=\"61fbf008\" data-element_type=\"widget\" data-widget_type=\"text-editor.default\">\n\t\t\t\t<div class=\"elementor-widget-container\">\n\t\t\t\t\t\t\t\t\t<p data-start=\"116\" data-end=\"415\"><a href=\"https:\/\/myeye.ee\/en\/product-category\/contact-lenses\/\">Contact lenses<\/a> often raise questions even before the first try. One of the most common is very simple: at what age can you actually start? Some think about a child, some about a teenager, others about starting themselves. There is no single exact number, and that is what often causes confusion.<\/p>\n<p><\/p>\n<p data-start=\"417\" data-end=\"569\">The good news is simple: <a href=\"https:\/\/myeye.ee\/en\/product-category\/contact-lenses\/\">contact lenses<\/a> are not tied to a specific age. What matters much more are habits, a sense of responsibility, and daily routine.<\/p>\n<h2 data-start=\"571\" data-end=\"600\">Why is age even discussed?<\/h2>\n<p><\/p>\n<p data-start=\"602\" data-end=\"765\">Age is often linked to responsibility. Contact lenses need attention, care, and consistency. It\u2019s not only about vision, but also about comfort and eye well-being.<\/p>\n<p><\/p>\n<p data-start=\"767\" data-end=\"791\">Common concerns include:<\/p>\n<ul data-start=\"792\" data-end=\"922\">\n<li data-start=\"792\" data-end=\"820\">\n<p data-start=\"794\" data-end=\"820\">whether the eye is ready<\/p>\n<\/li>\n<li data-start=\"821\" data-end=\"868\">\n<p data-start=\"823\" data-end=\"868\">whether care will be done at the right time<\/p>\n<\/li>\n<li data-start=\"869\" data-end=\"922\">\n<p data-start=\"871\" data-end=\"922\">whether wearing lenses might become uncomfortable<\/p>\n<\/li>\n<\/ul>\n<p><\/p>\n<p data-start=\"924\" data-end=\"961\">These worries are completely natural.<\/p>\n<h2 data-start=\"963\" data-end=\"1035\">Let\u2019s start with the most important point: age is not the main factor<\/h2>\n<p><\/p>\n<p data-start=\"1037\" data-end=\"1248\">Wearing <a href=\"https:\/\/myeye.ee\/en\/product-category\/contact-lenses\/\">contact lenses<\/a> can begin quite early, sometimes already at school age. At the same time, it can happen that even as an adult, lenses do not feel right on the first try. The reason is not age, but habits.<\/p>\n<p><\/p>\n<p data-start=\"1250\" data-end=\"1279\">More important questions are:<\/p>\n<ul data-start=\"1280\" data-end=\"1410\">\n<li data-start=\"1280\" data-end=\"1329\">\n<p data-start=\"1282\" data-end=\"1329\">is hand washing a natural part of the routine<\/p>\n<\/li>\n<li data-start=\"1330\" data-end=\"1372\">\n<p data-start=\"1332\" data-end=\"1372\">are instructions followed consistently<\/p>\n<\/li>\n<li data-start=\"1373\" data-end=\"1410\">\n<p data-start=\"1375\" data-end=\"1410\">does the wearer notice discomfort<\/p>\n<\/li>\n<\/ul>\n<p><\/p>\n<p data-start=\"1412\" data-end=\"1482\">When these points are met, wearing lenses can be comfortable and safe.<\/p>\n<h2 data-start=\"1484\" data-end=\"1542\">Contact lenses for children: when can they be suitable?<\/h2>\n<p><\/p>\n<p data-start=\"1544\" data-end=\"1748\">The idea of contact lenses for a child may feel worrying at first. In reality, there is often no need to worry. Some children manage lenses very well, especially when glasses interfere with everyday life.<\/p>\n<p><\/p>\n<p data-start=\"1750\" data-end=\"1778\">Lenses may be suitable when:<\/p>\n<ul data-start=\"1779\" data-end=\"1897\">\n<li data-start=\"1779\" data-end=\"1822\">\n<p data-start=\"1781\" data-end=\"1822\">sports are an important part of the day<\/p>\n<\/li>\n<li data-start=\"1823\" data-end=\"1855\">\n<p data-start=\"1825\" data-end=\"1855\">glasses slip or break easily<\/p>\n<\/li>\n<li data-start=\"1856\" data-end=\"1897\">\n<p data-start=\"1858\" data-end=\"1897\">the child can follow a simple routine<\/p>\n<\/li>\n<\/ul>\n<p><\/p>\n<p data-start=\"1899\" data-end=\"2020\">A supportive adult also plays an important role, especially at the beginning, by helping remember wearing and care steps.<\/p>\n<h2 data-start=\"2022\" data-end=\"2078\">Teenagers and contact lenses: a common starting point<\/h2>\n<p><\/p>\n<p data-start=\"2080\" data-end=\"2237\">Teenage years are often when interest in contact lenses grows. Appearance, comfort, and confidence become more important. Glasses may start to feel limiting.<\/p>\n<p><\/p>\n<p data-start=\"2239\" data-end=\"2251\">At this age:<\/p>\n<ul data-start=\"2252\" data-end=\"2343\">\n<li data-start=\"2252\" data-end=\"2277\">\n<p data-start=\"2254\" data-end=\"2277\">independence develops<\/p>\n<\/li>\n<li data-start=\"2278\" data-end=\"2305\">\n<p data-start=\"2280\" data-end=\"2305\">daily habits take shape<\/p>\n<\/li>\n<li data-start=\"2306\" data-end=\"2343\">\n<p data-start=\"2308\" data-end=\"2343\">responsibility grows step by step<\/p>\n<\/li>\n<\/ul>\n<p><\/p>\n<p data-start=\"2345\" data-end=\"2451\">Contact lenses can be a very good choice when instructions are clear and wearing does not become careless.<\/p>\n<h2 data-start=\"2453\" data-end=\"2497\">Starting as an adult is completely normal<\/h2>\n<p><\/p>\n<p data-start=\"2499\" data-end=\"2641\">Many people start wearing <a href=\"https:\/\/myeye.ee\/en\/product-category\/contact-lenses\/\">contact lenses<\/a> as adults. Some decide because of work, some because of physical activity, others simply for comfort.<\/p>\n<p><\/p>\n<p data-start=\"2643\" data-end=\"2819\">There is often a thought: \u201cI\u2019m already too old.\u201d In reality, the opposite is true. As an adult, daily routines are usually well established, which supports lens wear very well.<\/p>\n<p><\/p>\n<p data-start=\"2821\" data-end=\"2864\">Advantages of starting as an adult include:<\/p>\n<ul data-start=\"2865\" data-end=\"2970\">\n<li data-start=\"2865\" data-end=\"2894\">\n<p data-start=\"2867\" data-end=\"2894\">a more conscious approach<\/p>\n<\/li>\n<li data-start=\"2895\" data-end=\"2927\">\n<p data-start=\"2897\" data-end=\"2927\">a more stable daily schedule<\/p>\n<\/li>\n<li data-start=\"2928\" data-end=\"2970\">\n<p data-start=\"2930\" data-end=\"2970\">better understanding of personal needs<\/p>\n<\/li>\n<\/ul>\n<p><\/p>\n<h2 data-start=\"2972\" data-end=\"3014\">What signs show that the time is right?<\/h2>\n<p><\/p>\n<p data-start=\"3016\" data-end=\"3091\">Readiness matters more than age. Think honestly about the following points.<\/p>\n<p><\/p>\n<p data-start=\"3093\" data-end=\"3131\"><a href=\"https:\/\/myeye.ee\/en\/product-category\/contact-lenses\/\">Contact lenses<\/a> may be suitable if you:<\/p>\n<ul data-start=\"3132\" data-end=\"3252\">\n<li data-start=\"3132\" data-end=\"3173\">\n<p data-start=\"3134\" data-end=\"3173\">can take a few minutes for daily care<\/p>\n<\/li>\n<li data-start=\"3174\" data-end=\"3210\">\n<p data-start=\"3176\" data-end=\"3210\">notice when your eyes feel tired<\/p>\n<\/li>\n<li data-start=\"3211\" data-end=\"3252\">\n<p data-start=\"3213\" data-end=\"3252\">value clear vision in every situation<\/p>\n<\/li>\n<\/ul>\n<p><\/p>\n<p data-start=\"3254\" data-end=\"3311\">If this sounds familiar, getting started is often easier.<\/p>\n<h2 data-start=\"3313\" data-end=\"3348\">What role do care products play?<\/h2>\n<p><\/p>\n<p data-start=\"3350\" data-end=\"3483\"><a href=\"https:\/\/myeye.ee\/en\/product-category\/care-products\/\">Care products<\/a> affect wearing comfort more than many people expect. The right routine keeps eyes feeling fresh and reduces discomfort.<\/p>\n<p><\/p>\n<p data-start=\"3485\" data-end=\"3510\">Important points include:<\/p>\n<ul data-start=\"3511\" data-end=\"3598\">\n<li data-start=\"3511\" data-end=\"3535\">\n<p data-start=\"3513\" data-end=\"3535\">using fresh <a href=\"https:\/\/myeye.ee\/en\/product-category\/care-products\/\">solution<\/a><\/p>\n<\/li>\n<li data-start=\"3536\" data-end=\"3568\">\n<p data-start=\"3538\" data-end=\"3568\">not rushing through cleaning<\/p>\n<\/li>\n<li data-start=\"3569\" data-end=\"3598\">\n<p data-start=\"3571\" data-end=\"3598\">keeping accessories clean<\/p>\n<\/li>\n<\/ul>\n<p><\/p>\n<p data-start=\"3600\" data-end=\"3666\">When care is simple and logical, wearing lenses stays comfortable.<\/p>\n<h2 data-start=\"3668\" data-end=\"3706\">Daily lenses or longer-term lenses?<\/h2>\n<p><\/p>\n<p data-start=\"3708\" data-end=\"3904\"><a href=\"https:\/\/myeye.ee\/en\/product-category\/daily-contact-lenses\/\">Daily lenses<\/a> are often a good choice for beginners. The reason is simple: less care and less worry. At the end of the day, you throw the lens away and start the next morning with a new, clean one.<\/p>\n<p><\/p>\n<p data-start=\"3906\" data-end=\"3946\"><a href=\"https:\/\/myeye.ee\/en\/product-category\/monthly-contact-lenses\/\">Longer-term<\/a> lenses may be suitable when:<\/p>\n<ul data-start=\"3947\" data-end=\"4029\">\n<li data-start=\"3947\" data-end=\"3980\">\n<p data-start=\"3949\" data-end=\"3980\">the routine is already stable<\/p>\n<\/li>\n<li data-start=\"3981\" data-end=\"4003\">\n<p data-start=\"3983\" data-end=\"4003\">care feels natural<\/p>\n<\/li>\n<li data-start=\"4004\" data-end=\"4029\">\n<p data-start=\"4006\" data-end=\"4029\">lenses are worn daily<\/p>\n<\/li>\n<\/ul>\n<p><\/p>\n<p data-start=\"4031\" data-end=\"4072\">The choice depends on lifestyle, not age.<\/p>\n<h2 data-start=\"4074\" data-end=\"4101\">Common fears and reality<\/h2>\n<p><\/p>\n<p data-start=\"4103\" data-end=\"4211\"><strong data-start=\"4103\" data-end=\"4143\">\u201cA lens can get lost behind the eye\u201d<\/strong><br data-start=\"4143\" data-end=\"4146\" \/>This is not possible. The structure of the eye does not allow it.<\/p>\n<p><\/p>\n<p data-start=\"4213\" data-end=\"4295\"><strong data-start=\"4213\" data-end=\"4241\">\u201cLenses damage the eyes\u201d<\/strong><br data-start=\"4241\" data-end=\"4244\" \/>With proper wear and care, contact lenses are safe.<\/p>\n<p><\/p>\n<p data-start=\"4297\" data-end=\"4414\"><strong data-start=\"4297\" data-end=\"4347\">\u201cIt will definitely be uncomfortable at first\u201d<\/strong><br data-start=\"4347\" data-end=\"4350\" \/>The beginning may feel unfamiliar, but it should not be painful.<\/p>\n<p><\/p>\n<p data-start=\"4416\" data-end=\"4472\">These fears are common and usually fade with experience.<\/p>\n<h2 data-start=\"4474\" data-end=\"4513\">How to make the start calm and easy?<\/h2>\n<p><\/p>\n<p data-start=\"4515\" data-end=\"4628\">Start step by step. Don\u2019t set long wearing times right away. Pay attention to your eyes and allow time to adjust.<\/p>\n<p><\/p>\n<p data-start=\"4630\" data-end=\"4652\">A good start includes:<\/p>\n<ul data-start=\"4653\" data-end=\"4727\">\n<li data-start=\"4653\" data-end=\"4677\">\n<p data-start=\"4655\" data-end=\"4677\">shorter wearing days<\/p>\n<\/li>\n<li data-start=\"4678\" data-end=\"4697\">\n<p data-start=\"4680\" data-end=\"4697\">a clear routine<\/p>\n<\/li>\n<li data-start=\"4698\" data-end=\"4727\">\n<p data-start=\"4700\" data-end=\"4727\">a comfortable environment<\/p>\n<\/li>\n<\/ul>\n<p><\/p>\n<h2 data-start=\"4729\" data-end=\"4762\">Subscription and peace of mind<\/h2>\n<p><\/p>\n<p data-start=\"4764\" data-end=\"4905\">When lenses become part of daily life, a new concern can appear: remembering. When to replace, when to order, whether there is enough supply.<\/p>\n<p><\/p>\n<p data-start=\"4907\" data-end=\"5114\"><a href=\"https:\/\/myeye.ee\/en\/contact-lenses\/contact-lens-subscription-what-is-it\/\">A subscription<\/a> helps a lot here. It removes one annoying thing to think about and keeps the rhythm steady. It suits especially well when days are busy and you want to know that what you need is always there.<\/p>\n<h2 data-start=\"5116\" data-end=\"5171\">Wearing contact lenses depends on readiness, not age<\/h2>\n<p><\/p>\n<p data-start=\"5173\" data-end=\"5339\">Contact lens wear does not begin on a birthday and does not end with a number in a passport. What matters more is attitude, habits, and the desire to see comfortably.<\/p>\n<p><\/p>\n<p data-start=\"5341\" data-end=\"5358\">If you feel that:<\/p>\n<ul data-start=\"5359\" data-end=\"5438\">\n<li data-start=\"5359\" data-end=\"5385\">\n<p data-start=\"5361\" data-end=\"5385\">glasses get in the way<\/p>\n<\/li>\n<li data-start=\"5386\" data-end=\"5411\">\n<p data-start=\"5388\" data-end=\"5411\">you want more freedom<\/p>\n<\/li>\n<li data-start=\"5412\" data-end=\"5438\">\n<p data-start=\"5414\" data-end=\"5438\">you value clear vision<\/p>\n<\/li>\n<\/ul>\n<p><\/p>\n<p data-start=\"5440\" data-end=\"5501\" data-is-last-node=\"\" data-is-only-node=\"\">then contact lenses may be the right step, regardless of age.<\/p>\n\t\t\t\t\t\t\t\t<\/div>\n\t\t\t\t<\/div>\n\t\t\t\t\t<\/div>\n\t\t\t\t<\/div>\n\t\t\t\t<\/div>\n\t\t","protected":false},"excerpt":{"rendered":"<p>Contact lenses often raise questions even before the first try. One of the most common is very simple: at what age can you actually start? Some think about a child, some about a teenager, others about starting themselves. There is no single exact number, and that is what often causes confusion. The good news is [&hellip;]<\/p>\n","protected":false},"author":2,"featured_media":9717,"comment_status":"closed","ping_status":"open","sticky":false,"template":"","format":"standard","meta":{"_acf_changed":false,"footnotes":""},"categories":[373],"tags":[],"class_list":["post-9719","post","type-post","status-publish","format-standard","has-post-thumbnail","hentry","category-contact-lenses"],"acf":[],"featured_image_src":{"landsacpe":["https:\/\/myeye.ee\/wp-content\/uploads\/2026\/02\/1-2-1140x445.png",1140,445,true],"list":["https:\/\/myeye.ee\/wp-content\/uploads\/2026\/02\/1-2-463x348.png",463,348,true],"medium":["https:\/\/myeye.ee\/wp-content\/uploads\/2026\/02\/1-2-300x87.png",300,87,true],"full":["https:\/\/myeye.ee\/wp-content\/uploads\/2026\/02\/1-2.png",1903,550,false]},"yoast_head":"<!-- This site is optimized with the Yoast SEO Premium plugin v26.4 (Yoast SEO v27.5) - https:\/\/yoast.com\/product\/yoast-seo-premium-wordpress\/ -->\n<title>At what age can you start wearing contact lenses? - Myeye<\/title>\n<meta name=\"description\" content=\"At what age is it suitable to start wearing contact lenses? Get a clear overview of when contact lenses can be a comfortable choice and how to get started.\" \/>\n<meta name=\"robots\" content=\"index, follow, max-snippet:-1, max-image-preview:large, max-video-preview:-1\" \/>\n<link rel=\"canonical\" href=\"https:\/\/myeye.ee\/kontaktlaatsed\/mis-vanusest-voib-alustada-kontaktlaatsede-kandmist\/\" \/>\n<meta property=\"og:locale\" content=\"en_US\" \/>\n<meta property=\"og:type\" content=\"article\" \/>\n<meta property=\"og:title\" content=\"At what age can you start wearing contact lenses?\" \/>\n<meta property=\"og:description\" content=\"At what age is it suitable to start wearing contact lenses? Get a clear overview of when contact lenses can be a comfortable choice and how to get started.\" \/>\n<meta property=\"og:url\" content=\"https:\/\/myeye.ee\/kontaktlaatsed\/mis-vanusest-voib-alustada-kontaktlaatsede-kandmist\/\" \/>\n<meta property=\"og:site_name\" content=\"Myeye\" \/>\n<meta property=\"article:publisher\" content=\"https:\/\/www.facebook.com\/profile.php?id=61571474589924\" \/>\n<meta property=\"article:published_time\" content=\"2026-02-27T09:15:58+00:00\" \/>\n<meta property=\"article:modified_time\" content=\"2026-02-27T09:37:21+00:00\" \/>\n<meta property=\"og:image\" content=\"https:\/\/myeye.ee\/wp-content\/uploads\/2026\/02\/1-2-1024x296.png\" \/>\n\t<meta property=\"og:image:width\" content=\"1024\" \/>\n\t<meta property=\"og:image:height\" content=\"296\" \/>\n\t<meta property=\"og:image:type\" content=\"image\/png\" \/>\n<meta name=\"author\" content=\"Ave\" \/>\n<meta name=\"twitter:card\" content=\"summary_large_image\" \/>\n<meta name=\"twitter:label1\" content=\"Written by\" \/>\n\t<meta name=\"twitter:data1\" content=\"Ave\" \/>\n\t<meta name=\"twitter:label2\" content=\"Est. reading time\" \/>\n\t<meta name=\"twitter:data2\" content=\"4 minutes\" \/>\n<script type=\"application\/ld+json\" class=\"yoast-schema-graph\">{\"@context\":\"https:\\\/\\\/schema.org\",\"@graph\":[{\"@type\":\"Article\",\"@id\":\"https:\\\/\\\/myeye.ee\\\/kontaktlaatsed\\\/mis-vanusest-voib-alustada-kontaktlaatsede-kandmist\\\/#article\",\"isPartOf\":{\"@id\":\"https:\\\/\\\/myeye.ee\\\/kontaktlaatsed\\\/mis-vanusest-voib-alustada-kontaktlaatsede-kandmist\\\/\"},\"author\":{\"name\":\"Ave\",\"@id\":\"https:\\\/\\\/myeye.ee\\\/#\\\/schema\\\/person\\\/332a7ffae6c0de8f5d15c17ebfba60a5\"},\"headline\":\"At what age can you start wearing contact lenses?\",\"datePublished\":\"2026-02-27T09:15:58+00:00\",\"dateModified\":\"2026-02-27T09:37:21+00:00\",\"mainEntityOfPage\":{\"@id\":\"https:\\\/\\\/myeye.ee\\\/kontaktlaatsed\\\/mis-vanusest-voib-alustada-kontaktlaatsede-kandmist\\\/\"},\"wordCount\":882,\"publisher\":{\"@id\":\"https:\\\/\\\/myeye.ee\\\/#organization\"},\"image\":{\"@id\":\"https:\\\/\\\/myeye.ee\\\/kontaktlaatsed\\\/mis-vanusest-voib-alustada-kontaktlaatsede-kandmist\\\/#primaryimage\"},\"thumbnailUrl\":\"https:\\\/\\\/myeye.ee\\\/wp-content\\\/uploads\\\/2026\\\/02\\\/1-2.png\",\"articleSection\":[\"Contact lenses\"],\"inLanguage\":\"en-US\"},{\"@type\":\"WebPage\",\"@id\":\"https:\\\/\\\/myeye.ee\\\/kontaktlaatsed\\\/mis-vanusest-voib-alustada-kontaktlaatsede-kandmist\\\/\",\"url\":\"https:\\\/\\\/myeye.ee\\\/kontaktlaatsed\\\/mis-vanusest-voib-alustada-kontaktlaatsede-kandmist\\\/\",\"name\":\"At what age can you start wearing contact lenses? - Myeye\",\"isPartOf\":{\"@id\":\"https:\\\/\\\/myeye.ee\\\/#website\"},\"primaryImageOfPage\":{\"@id\":\"https:\\\/\\\/myeye.ee\\\/kontaktlaatsed\\\/mis-vanusest-voib-alustada-kontaktlaatsede-kandmist\\\/#primaryimage\"},\"image\":{\"@id\":\"https:\\\/\\\/myeye.ee\\\/kontaktlaatsed\\\/mis-vanusest-voib-alustada-kontaktlaatsede-kandmist\\\/#primaryimage\"},\"thumbnailUrl\":\"https:\\\/\\\/myeye.ee\\\/wp-content\\\/uploads\\\/2026\\\/02\\\/1-2.png\",\"datePublished\":\"2026-02-27T09:15:58+00:00\",\"dateModified\":\"2026-02-27T09:37:21+00:00\",\"description\":\"At what age is it suitable to start wearing contact lenses? Get a clear overview of when contact lenses can be a comfortable choice and how to get started.\",\"breadcrumb\":{\"@id\":\"https:\\\/\\\/myeye.ee\\\/kontaktlaatsed\\\/mis-vanusest-voib-alustada-kontaktlaatsede-kandmist\\\/#breadcrumb\"},\"inLanguage\":\"en-US\",\"potentialAction\":[{\"@type\":\"ReadAction\",\"target\":[\"https:\\\/\\\/myeye.ee\\\/kontaktlaatsed\\\/mis-vanusest-voib-alustada-kontaktlaatsede-kandmist\\\/\"]}]},{\"@type\":\"ImageObject\",\"inLanguage\":\"en-US\",\"@id\":\"https:\\\/\\\/myeye.ee\\\/kontaktlaatsed\\\/mis-vanusest-voib-alustada-kontaktlaatsede-kandmist\\\/#primaryimage\",\"url\":\"https:\\\/\\\/myeye.ee\\\/wp-content\\\/uploads\\\/2026\\\/02\\\/1-2.png\",\"contentUrl\":\"https:\\\/\\\/myeye.ee\\\/wp-content\\\/uploads\\\/2026\\\/02\\\/1-2.png\",\"width\":1903,\"height\":550,\"caption\":\"mis vanusest vibe kontaktl\u00e4\u00e4tsesid kandma hakata\"},{\"@type\":\"BreadcrumbList\",\"@id\":\"https:\\\/\\\/myeye.ee\\\/kontaktlaatsed\\\/mis-vanusest-voib-alustada-kontaktlaatsede-kandmist\\\/#breadcrumb\",\"itemListElement\":[{\"@type\":\"ListItem\",\"position\":1,\"name\":\"Home\",\"item\":\"https:\\\/\\\/myeye.ee\\\/en\\\/\"},{\"@type\":\"ListItem\",\"position\":2,\"name\":\"At what age can you start wearing contact lenses?\"}]},{\"@type\":\"WebSite\",\"@id\":\"https:\\\/\\\/myeye.ee\\\/#website\",\"url\":\"https:\\\/\\\/myeye.ee\\\/\",\"name\":\"Myeye\",\"description\":\"Pakume professionaalset ja usaldusv\u00e4\u00e4rset teenust, kiiret kohaletoimetamist \u00fcle ning kliendis\u00f5bralikku ostukogemust.\",\"publisher\":{\"@id\":\"https:\\\/\\\/myeye.ee\\\/#organization\"},\"potentialAction\":[{\"@type\":\"SearchAction\",\"target\":{\"@type\":\"EntryPoint\",\"urlTemplate\":\"https:\\\/\\\/myeye.ee\\\/?s={search_term_string}\"},\"query-input\":{\"@type\":\"PropertyValueSpecification\",\"valueRequired\":true,\"valueName\":\"search_term_string\"}}],\"inLanguage\":\"en-US\"},{\"@type\":\"Organization\",\"@id\":\"https:\\\/\\\/myeye.ee\\\/#organization\",\"name\":\"Myeye\",\"url\":\"https:\\\/\\\/myeye.ee\\\/\",\"logo\":{\"@type\":\"ImageObject\",\"inLanguage\":\"en-US\",\"@id\":\"https:\\\/\\\/myeye.ee\\\/#\\\/schema\\\/logo\\\/image\\\/\",\"url\":\"https:\\\/\\\/myeye.ee\\\/wp-content\\\/uploads\\\/2025\\\/06\\\/1.png\",\"contentUrl\":\"https:\\\/\\\/myeye.ee\\\/wp-content\\\/uploads\\\/2025\\\/06\\\/1.png\",\"width\":1563,\"height\":1563,\"caption\":\"Myeye\"},\"image\":{\"@id\":\"https:\\\/\\\/myeye.ee\\\/#\\\/schema\\\/logo\\\/image\\\/\"},\"sameAs\":[\"https:\\\/\\\/www.facebook.com\\\/profile.php?id=61571474589924\"]},{\"@type\":\"Person\",\"@id\":\"https:\\\/\\\/myeye.ee\\\/#\\\/schema\\\/person\\\/332a7ffae6c0de8f5d15c17ebfba60a5\",\"name\":\"Ave\",\"image\":{\"@type\":\"ImageObject\",\"inLanguage\":\"en-US\",\"@id\":\"https:\\\/\\\/secure.gravatar.com\\\/avatar\\\/02107934d63d1fdab8227b2d123a11aec63a36ba76854571a990b4a900c82c33?s=96&d=mm&r=g\",\"url\":\"https:\\\/\\\/secure.gravatar.com\\\/avatar\\\/02107934d63d1fdab8227b2d123a11aec63a36ba76854571a990b4a900c82c33?s=96&d=mm&r=g\",\"contentUrl\":\"https:\\\/\\\/secure.gravatar.com\\\/avatar\\\/02107934d63d1fdab8227b2d123a11aec63a36ba76854571a990b4a900c82c33?s=96&d=mm&r=g\",\"caption\":\"Ave\"},\"url\":\"https:\\\/\\\/myeye.ee\\\/en\\\/author\\\/ave\\\/\"}]}<\/script>\n<!-- \/ Yoast SEO Premium plugin. -->","yoast_head_json":{"title":"At what age can you start wearing contact lenses? - Myeye","description":"At what age is it suitable to start wearing contact lenses? Get a clear overview of when contact lenses can be a comfortable choice and how to get started.","robots":{"index":"index","follow":"follow","max-snippet":"max-snippet:-1","max-image-preview":"max-image-preview:large","max-video-preview":"max-video-preview:-1"},"canonical":"https:\/\/myeye.ee\/kontaktlaatsed\/mis-vanusest-voib-alustada-kontaktlaatsede-kandmist\/","og_locale":"en_US","og_type":"article","og_title":"At what age can you start wearing contact lenses?","og_description":"At what age is it suitable to start wearing contact lenses? Get a clear overview of when contact lenses can be a comfortable choice and how to get started.","og_url":"https:\/\/myeye.ee\/kontaktlaatsed\/mis-vanusest-voib-alustada-kontaktlaatsede-kandmist\/","og_site_name":"Myeye","article_publisher":"https:\/\/www.facebook.com\/profile.php?id=61571474589924","article_published_time":"2026-02-27T09:15:58+00:00","article_modified_time":"2026-02-27T09:37:21+00:00","og_image":[{"width":1024,"height":296,"url":"https:\/\/myeye.ee\/wp-content\/uploads\/2026\/02\/1-2-1024x296.png","type":"image\/png"}],"author":"Ave","twitter_card":"summary_large_image","twitter_misc":{"Written by":"Ave","Est. reading time":"4 minutes"},"schema":{"@context":"https:\/\/schema.org","@graph":[{"@type":"Article","@id":"https:\/\/myeye.ee\/kontaktlaatsed\/mis-vanusest-voib-alustada-kontaktlaatsede-kandmist\/#article","isPartOf":{"@id":"https:\/\/myeye.ee\/kontaktlaatsed\/mis-vanusest-voib-alustada-kontaktlaatsede-kandmist\/"},"author":{"name":"Ave","@id":"https:\/\/myeye.ee\/#\/schema\/person\/332a7ffae6c0de8f5d15c17ebfba60a5"},"headline":"At what age can you start wearing contact lenses?","datePublished":"2026-02-27T09:15:58+00:00","dateModified":"2026-02-27T09:37:21+00:00","mainEntityOfPage":{"@id":"https:\/\/myeye.ee\/kontaktlaatsed\/mis-vanusest-voib-alustada-kontaktlaatsede-kandmist\/"},"wordCount":882,"publisher":{"@id":"https:\/\/myeye.ee\/#organization"},"image":{"@id":"https:\/\/myeye.ee\/kontaktlaatsed\/mis-vanusest-voib-alustada-kontaktlaatsede-kandmist\/#primaryimage"},"thumbnailUrl":"https:\/\/myeye.ee\/wp-content\/uploads\/2026\/02\/1-2.png","articleSection":["Contact lenses"],"inLanguage":"en-US"},{"@type":"WebPage","@id":"https:\/\/myeye.ee\/kontaktlaatsed\/mis-vanusest-voib-alustada-kontaktlaatsede-kandmist\/","url":"https:\/\/myeye.ee\/kontaktlaatsed\/mis-vanusest-voib-alustada-kontaktlaatsede-kandmist\/","name":"At what age can you start wearing contact lenses? - Myeye","isPartOf":{"@id":"https:\/\/myeye.ee\/#website"},"primaryImageOfPage":{"@id":"https:\/\/myeye.ee\/kontaktlaatsed\/mis-vanusest-voib-alustada-kontaktlaatsede-kandmist\/#primaryimage"},"image":{"@id":"https:\/\/myeye.ee\/kontaktlaatsed\/mis-vanusest-voib-alustada-kontaktlaatsede-kandmist\/#primaryimage"},"thumbnailUrl":"https:\/\/myeye.ee\/wp-content\/uploads\/2026\/02\/1-2.png","datePublished":"2026-02-27T09:15:58+00:00","dateModified":"2026-02-27T09:37:21+00:00","description":"At what age is it suitable to start wearing contact lenses? Get a clear overview of when contact lenses can be a comfortable choice and how to get started.","breadcrumb":{"@id":"https:\/\/myeye.ee\/kontaktlaatsed\/mis-vanusest-voib-alustada-kontaktlaatsede-kandmist\/#breadcrumb"},"inLanguage":"en-US","potentialAction":[{"@type":"ReadAction","target":["https:\/\/myeye.ee\/kontaktlaatsed\/mis-vanusest-voib-alustada-kontaktlaatsede-kandmist\/"]}]},{"@type":"ImageObject","inLanguage":"en-US","@id":"https:\/\/myeye.ee\/kontaktlaatsed\/mis-vanusest-voib-alustada-kontaktlaatsede-kandmist\/#primaryimage","url":"https:\/\/myeye.ee\/wp-content\/uploads\/2026\/02\/1-2.png","contentUrl":"https:\/\/myeye.ee\/wp-content\/uploads\/2026\/02\/1-2.png","width":1903,"height":550,"caption":"mis vanusest vibe kontaktl\u00e4\u00e4tsesid kandma hakata"},{"@type":"BreadcrumbList","@id":"https:\/\/myeye.ee\/kontaktlaatsed\/mis-vanusest-voib-alustada-kontaktlaatsede-kandmist\/#breadcrumb","itemListElement":[{"@type":"ListItem","position":1,"name":"Home","item":"https:\/\/myeye.ee\/en\/"},{"@type":"ListItem","position":2,"name":"At what age can you start wearing contact lenses?"}]},{"@type":"WebSite","@id":"https:\/\/myeye.ee\/#website","url":"https:\/\/myeye.ee\/","name":"Myeye","description":"Pakume professionaalset ja usaldusv\u00e4\u00e4rset teenust, kiiret kohaletoimetamist \u00fcle ning kliendis\u00f5bralikku ostukogemust.","publisher":{"@id":"https:\/\/myeye.ee\/#organization"},"potentialAction":[{"@type":"SearchAction","target":{"@type":"EntryPoint","urlTemplate":"https:\/\/myeye.ee\/?s={search_term_string}"},"query-input":{"@type":"PropertyValueSpecification","valueRequired":true,"valueName":"search_term_string"}}],"inLanguage":"en-US"},{"@type":"Organization","@id":"https:\/\/myeye.ee\/#organization","name":"Myeye","url":"https:\/\/myeye.ee\/","logo":{"@type":"ImageObject","inLanguage":"en-US","@id":"https:\/\/myeye.ee\/#\/schema\/logo\/image\/","url":"https:\/\/myeye.ee\/wp-content\/uploads\/2025\/06\/1.png","contentUrl":"https:\/\/myeye.ee\/wp-content\/uploads\/2025\/06\/1.png","width":1563,"height":1563,"caption":"Myeye"},"image":{"@id":"https:\/\/myeye.ee\/#\/schema\/logo\/image\/"},"sameAs":["https:\/\/www.facebook.com\/profile.php?id=61571474589924"]},{"@type":"Person","@id":"https:\/\/myeye.ee\/#\/schema\/person\/332a7ffae6c0de8f5d15c17ebfba60a5","name":"Ave","image":{"@type":"ImageObject","inLanguage":"en-US","@id":"https:\/\/secure.gravatar.com\/avatar\/02107934d63d1fdab8227b2d123a11aec63a36ba76854571a990b4a900c82c33?s=96&d=mm&r=g","url":"https:\/\/secure.gravatar.com\/avatar\/02107934d63d1fdab8227b2d123a11aec63a36ba76854571a990b4a900c82c33?s=96&d=mm&r=g","contentUrl":"https:\/\/secure.gravatar.com\/avatar\/02107934d63d1fdab8227b2d123a11aec63a36ba76854571a990b4a900c82c33?s=96&d=mm&r=g","caption":"Ave"},"url":"https:\/\/myeye.ee\/en\/author\/ave\/"}]}},"_links":{"self":[{"href":"https:\/\/myeye.ee\/en\/wp-json\/wp\/v2\/posts\/9719","targetHints":{"allow":["GET"]}}],"collection":[{"href":"https:\/\/myeye.ee\/en\/wp-json\/wp\/v2\/posts"}],"about":[{"href":"https:\/\/myeye.ee\/en\/wp-json\/wp\/v2\/types\/post"}],"author":[{"embeddable":true,"href":"https:\/\/myeye.ee\/en\/wp-json\/wp\/v2\/users\/2"}],"replies":[{"embeddable":true,"href":"https:\/\/myeye.ee\/en\/wp-json\/wp\/v2\/comments?post=9719"}],"version-history":[{"count":1,"href":"https:\/\/myeye.ee\/en\/wp-json\/wp\/v2\/posts\/9719\/revisions"}],"predecessor-version":[{"id":9720,"href":"https:\/\/myeye.ee\/en\/wp-json\/wp\/v2\/posts\/9719\/revisions\/9720"}],"wp:featuredmedia":[{"embeddable":true,"href":"https:\/\/myeye.ee\/en\/wp-json\/wp\/v2\/media\/9717"}],"wp:attachment":[{"href":"https:\/\/myeye.ee\/en\/wp-json\/wp\/v2\/media?parent=9719"}],"wp:term":[{"taxonomy":"category","embeddable":true,"href":"https:\/\/myeye.ee\/en\/wp-json\/wp\/v2\/categories?post=9719"},{"taxonomy":"post_tag","embeddable":true,"href":"https:\/\/myeye.ee\/en\/wp-json\/wp\/v2\/tags?post=9719"}],"curies":[{"name":"wp","href":"https:\/\/api.w.org\/{rel}","templated":true}]}}